{"id":2995,"date":"2026-03-12T15:33:53","date_gmt":"2026-03-12T14:33:53","guid":{"rendered":"https:\/\/ilcorrieredellascuola.eu\/?p=2995"},"modified":"2026-03-12T15:42:29","modified_gmt":"2026-03-12T14:42:29","slug":"quando-la-vita-da-mandarini","status":"publish","type":"post","link":"https:\/\/ilcorrieredellascuola.eu\/?p=2995","title":{"rendered":"\u201cQUANDO LA VITA TI DA MANDARINI\u201d"},"content":{"rendered":"\n<p>Tra le serie pi\u00f9 belle questa \u00e8 la mia preferita: \u00e8 molto dolce, commovente e piena di emozioni. Racconta la storia di questi due ragazzi che crescono nell&#8217;isola di Jeju. Gli attori riescono a interpretare i protagonisti in modo profondo.<\/p>\n\n\n\n<p>Questa storia mi piace perch\u00e9 \u00e8 tenera e delicata. Non parla solo di amore romantico, ma anche di crescita, di famiglia e di quanto sia difficile inseguire i propri sogni. I personaggi sbagliano, cadono e si rialzano, proprio come succede nella vita reale. Per questo \u00e8 facile affezionarsi a loro e emozionarsi guardando la serie.<\/p>\n\n\n\n<p>Un altro aspetto bellissimo \u00e8 l&#8217;atmosfera: i paesaggi della corea, i colori e la musica rendono tutto molto spettacolare. Alcune scene sono davvero commoventi e fanno riflettere su quanto sia importante apprezzare i piccoli momenti della vita.<\/p>\n\n\n\n<figure class=\"wp-block-image size-full is-resized\"><img loading=\"lazy\" decoding=\"async\" width=\"259\" height=\"194\" src=\"https:\/\/ilcorrieredellascuola.eu\/wp-content\/uploads\/2026\/03\/hqfvhuohgewv.jpeg\" alt=\"\" class=\"wp-image-3030\" style=\"width:558px;height:auto\"\/><\/figure>\n\n\n\n<p>Secondo me la serie &#8220;Quando la vita ti da mandarini&#8221; insegna una cosa molto importante: anche quando la vita \u00e8 difficile, bisogna continuare a sperare e a credere nei propri sogni. A volte le cose non vanno come vogliamo, ma proprio da quelle difficolt\u00e0 possiamo crescere e diventare pi\u00f9 forti.<\/p>\n\n\n\n<p>Per questo considero questa serie molto bella e significativa: \u00e8 una storia semplice ma piena di emozioni, capace di far sorridere, commuovere e pensare allo stesso tempo.<\/p>\n\n\n\n<p><\/p>\n\n\n<div class=\"wp-block-image\">\n<figure class=\"alignleft size-large is-resized\"><img loading=\"lazy\" decoding=\"async\" width=\"184\" height=\"273\" src=\"https:\/\/ilcorrieredellascuola.eu\/wp-content\/uploads\/2026\/03\/lalalalala-1.jpeg\" alt=\"\" class=\"wp-image-3023\" style=\"aspect-ratio:0.6740167845976633;width:322px;height:auto\"\/><\/figure>\n<\/div>\n\n\n<p><\/p>\n\n\n\n<p><\/p>\n\n\n\n<p><\/p>\n\n\n\n<p><\/p>\n\n\n\n<p><\/p>\n\n\n\n<p><\/p>\n\n\n\n<p><\/p>\n\n\n\n<p><\/p>\n\n\n\n<p><\/p>\n\n\n\n<p>Da Matilda.<\/p>\n\n\n\n<p><\/p>\n","protected":false},"excerpt":{"rendered":"<p>Tra le serie pi\u00f9 belle questa \u00e8 la mia preferita: \u00e8 molto dolce, commovente e piena di emozioni. Racconta la&hellip;<\/p>\n","protected":false},"author":5,"featured_media":3033,"comment_status":"open","ping_status":"open","sticky":false,"template":"","format":"standard","meta":{"footnotes":""},"categories":[33],"tags":[],"class_list":["post-2995","post","type-post","status-publish","format-standard","has-post-thumbnail","hentry","category-film"],"_links":{"self":[{"href":"https:\/\/ilcorrieredellascuola.eu\/index.php?rest_route=\/wp\/v2\/posts\/2995","targetHints":{"allow":["GET"]}}],"collection":[{"href":"https:\/\/ilcorrieredellascuola.eu\/index.php?rest_route=\/wp\/v2\/posts"}],"about":[{"href":"https:\/\/ilcorrieredellascuola.eu\/index.php?rest_route=\/wp\/v2\/types\/post"}],"author":[{"embeddable":true,"href":"https:\/\/ilcorrieredellascuola.eu\/index.php?rest_route=\/wp\/v2\/users\/5"}],"replies":[{"embeddable":true,"href":"https:\/\/ilcorrieredellascuola.eu\/index.php?rest_route=%2Fwp%2Fv2%2Fcomments&post=2995"}],"version-history":[{"count":13,"href":"https:\/\/ilcorrieredellascuola.eu\/index.php?rest_route=\/wp\/v2\/posts\/2995\/revisions"}],"predecessor-version":[{"id":3041,"href":"https:\/\/ilcorrieredellascuola.eu\/index.php?rest_route=\/wp\/v2\/posts\/2995\/revisions\/3041"}],"wp:featuredmedia":[{"embeddable":true,"href":"https:\/\/ilcorrieredellascuola.eu\/index.php?rest_route=\/wp\/v2\/media\/3033"}],"wp:attachment":[{"href":"https:\/\/ilcorrieredellascuola.eu\/index.php?rest_route=%2Fwp%2Fv2%2Fmedia&parent=2995"}],"wp:term":[{"taxonomy":"category","embeddable":true,"href":"https:\/\/ilcorrieredellascuola.eu\/index.php?rest_route=%2Fwp%2Fv2%2Fcategories&post=2995"},{"taxonomy":"post_tag","embeddable":true,"href":"https:\/\/ilcorrieredellascuola.eu\/index.php?rest_route=%2Fwp%2Fv2%2Ftags&post=2995"}],"curies":[{"name":"wp","href":"https:\/\/api.w.org\/{rel}","templated":true}]}}