{"id":3001,"date":"2026-03-12T16:12:31","date_gmt":"2026-03-12T15:12:31","guid":{"rendered":"https:\/\/ilcorrieredellascuola.eu\/?p=3001"},"modified":"2026-03-13T17:09:28","modified_gmt":"2026-03-13T16:09:28","slug":"stage-linguistico-a-bray-21-28-marzo","status":"publish","type":"post","link":"https:\/\/ilcorrieredellascuola.eu\/?p=3001","title":{"rendered":"Stage linguistico a Bray (22-28 marzo)"},"content":{"rendered":"\n<p>Durante lo stage linguistico gli studenti soggiorneranno a Bray , una cittadina costiera dell&#8217; Irlanda. Bray \u00e8 una localit\u00e0 molto amata per il suo lungomare, per le sue montagne vicine  e per i suoi bellissimi paesaggi naturali nei dintorni d<\/p>\n\n\n\n<h2 class=\"wp-block-heading has-medium-font-size\"><strong>I<\/strong>l <strong>meteo<\/strong><\/h2>\n\n\n\n<p>Alla fine di marzo il clima in Irlanda \u00e8 fresco e variabile.Le temperature medie sono tra gli 8\u00b0C e 10\u00b0C durante il giorno mentre per\u00f2 di notte Il tempo pu\u00f2 cambiare rapidamente:la pioggia \u00e8 abbastanza frequente, quindi \u00e8 consigliabile portare sempre una giacca impermeabile.Per essere comodi , conviene vestirsi e indossare scarpe adattare a camminare. <\/p>\n\n\n\n<p class=\"has-medium-font-size\"><strong>Cose da vedere e fare a Bray<\/strong><\/p>\n\n\n\n<p class=\"has-medium-font-size\">Bray \u00e8 famosa per il suo lungomare, dove studenti e turisti possono fare  lunghe passeggiate sul mare,osservando l&#8217; orizzonte<\/p>\n\n\n\n<p class=\"has-medium-font-size\"><strong>Gite e attivit\u00e0 nei dintorni<\/strong><\/p>\n\n\n\n<p class=\"has-medium-font-size\">Bray \u00e8 anche un ottimo punto di partenza per esplorare Dublino<\/p>\n\n\n\n<p class=\"has-medium-font-size\"><strong>Dublino<\/strong>, la capitale, si trova a soli 20 km e offre musei, monumenti storici e numerosi negozi.<\/p>\n\n\n\n<p class=\"has-medium-font-size\">Il <strong>Wicklow Mountains National Park<\/strong> \u00e8 un paradiso per chi ama camminare immerso nella natura: montagne, laghi e vallate spettacolari vi aspettano.<\/p>\n\n\n\n<p class=\"has-medium-font-size\"><strong>Brittas Bay<\/strong>, famosa per la sua lunga spiaggia di sabbia dorata, \u00e8 perfetta per passeggiate rilassanti o semplicemente per godersi il panorama del mare.<\/p>\n\n\n\n<p class=\"has-medium-font-size\"><\/p>\n\n\n\n<p class=\"has-large-font-size\"><strong> <\/strong><\/p>\n\n\n\n<p class=\"has-medium-font-size\"><\/p>\n\n\n\n<p><\/p>\n","protected":false},"excerpt":{"rendered":"<p>Durante lo stage linguistico gli studenti soggiorneranno a Bray , una cittadina costiera dell&#8217; Irlanda. Bray \u00e8 una localit\u00e0 molto&hellip;<\/p>\n","protected":false},"author":55,"featured_media":3053,"comment_status":"open","ping_status":"open","sticky":false,"template":"","format":"standard","meta":{"footnotes":""},"categories":[2],"tags":[],"class_list":["post-3001","post","type-post","status-publish","format-standard","has-post-thumbnail","hentry","category-scuola"],"_links":{"self":[{"href":"https:\/\/ilcorrieredellascuola.eu\/index.php?rest_route=\/wp\/v2\/posts\/3001","targetHints":{"allow":["GET"]}}],"collection":[{"href":"https:\/\/ilcorrieredellascuola.eu\/index.php?rest_route=\/wp\/v2\/posts"}],"about":[{"href":"https:\/\/ilcorrieredellascuola.eu\/index.php?rest_route=\/wp\/v2\/types\/post"}],"author":[{"embeddable":true,"href":"https:\/\/ilcorrieredellascuola.eu\/index.php?rest_route=\/wp\/v2\/users\/55"}],"replies":[{"embeddable":true,"href":"https:\/\/ilcorrieredellascuola.eu\/index.php?rest_route=%2Fwp%2Fv2%2Fcomments&post=3001"}],"version-history":[{"count":3,"href":"https:\/\/ilcorrieredellascuola.eu\/index.php?rest_route=\/wp\/v2\/posts\/3001\/revisions"}],"predecessor-version":[{"id":3068,"href":"https:\/\/ilcorrieredellascuola.eu\/index.php?rest_route=\/wp\/v2\/posts\/3001\/revisions\/3068"}],"wp:featuredmedia":[{"embeddable":true,"href":"https:\/\/ilcorrieredellascuola.eu\/index.php?rest_route=\/wp\/v2\/media\/3053"}],"wp:attachment":[{"href":"https:\/\/ilcorrieredellascuola.eu\/index.php?rest_route=%2Fwp%2Fv2%2Fmedia&parent=3001"}],"wp:term":[{"taxonomy":"category","embeddable":true,"href":"https:\/\/ilcorrieredellascuola.eu\/index.php?rest_route=%2Fwp%2Fv2%2Fcategories&post=3001"},{"taxonomy":"post_tag","embeddable":true,"href":"https:\/\/ilcorrieredellascuola.eu\/index.php?rest_route=%2Fwp%2Fv2%2Ftags&post=3001"}],"curies":[{"name":"wp","href":"https:\/\/api.w.org\/{rel}","templated":true}]}}