{"id":3049,"date":"2026-03-12T15:59:07","date_gmt":"2026-03-12T14:59:07","guid":{"rendered":"https:\/\/ilcorrieredellascuola.eu\/?p=3049"},"modified":"2026-03-12T15:59:07","modified_gmt":"2026-03-12T14:59:07","slug":"regole-scolastiche-da-cambiare","status":"publish","type":"post","link":"https:\/\/ilcorrieredellascuola.eu\/?p=3049","title":{"rendered":"REGOLE SCOLASTICHE DA CAMBIARE"},"content":{"rendered":"\n<p>Del regolamento d\u2019istituto, cambierei la regola delle tre note disciplinari. Se un alunno o un\u2019alunna riporta tre note disciplinari con tre docenti diversi, l\u2019alunno o l\u2019alunna non pu\u00f2 partecipare al viaggio d\u2019istruzione. Secondo me, non \u00e8 giusto mettere questo vincolo perch\u00e9 \u00e8 molto semplice prendere tre note disciplinari. Credo sia opportuno modificare la regola, prevedendo cinque note disciplinari. Togliere agli alunni la possibilit\u00e0 di vivere un\u2019esperienza formativa come la gita scolastica \u00e8 penalizzante.<\/p>\n\n\n\n<p>Certo, l\u2019inserimento delle note disciplinari \u00e8 conseguente a comportamenti scorretti dell\u2019alunno o dell\u2019alunna, ma credo fermamente che sia da rivedere.<\/p>\n\n\n\n<p>Voi che ne pensate? Fatemelo sapere nei commenti!<\/p>\n\n\n\n<p>by:andrea<\/p>\n","protected":false},"excerpt":{"rendered":"<p>Del regolamento d\u2019istituto, cambierei la regola delle tre note disciplinari. Se un alunno o un\u2019alunna riporta tre note disciplinari con&hellip;<\/p>\n","protected":false},"author":63,"featured_media":3050,"comment_status":"open","ping_status":"open","sticky":false,"template":"","format":"standard","meta":{"footnotes":""},"categories":[2],"tags":[],"class_list":["post-3049","post","type-post","status-publish","format-standard","has-post-thumbnail","hentry","category-scuola"],"_links":{"self":[{"href":"https:\/\/ilcorrieredellascuola.eu\/index.php?rest_route=\/wp\/v2\/posts\/3049","targetHints":{"allow":["GET"]}}],"collection":[{"href":"https:\/\/ilcorrieredellascuola.eu\/index.php?rest_route=\/wp\/v2\/posts"}],"about":[{"href":"https:\/\/ilcorrieredellascuola.eu\/index.php?rest_route=\/wp\/v2\/types\/post"}],"author":[{"embeddable":true,"href":"https:\/\/ilcorrieredellascuola.eu\/index.php?rest_route=\/wp\/v2\/users\/63"}],"replies":[{"embeddable":true,"href":"https:\/\/ilcorrieredellascuola.eu\/index.php?rest_route=%2Fwp%2Fv2%2Fcomments&post=3049"}],"version-history":[{"count":1,"href":"https:\/\/ilcorrieredellascuola.eu\/index.php?rest_route=\/wp\/v2\/posts\/3049\/revisions"}],"predecessor-version":[{"id":3051,"href":"https:\/\/ilcorrieredellascuola.eu\/index.php?rest_route=\/wp\/v2\/posts\/3049\/revisions\/3051"}],"wp:featuredmedia":[{"embeddable":true,"href":"https:\/\/ilcorrieredellascuola.eu\/index.php?rest_route=\/wp\/v2\/media\/3050"}],"wp:attachment":[{"href":"https:\/\/ilcorrieredellascuola.eu\/index.php?rest_route=%2Fwp%2Fv2%2Fmedia&parent=3049"}],"wp:term":[{"taxonomy":"category","embeddable":true,"href":"https:\/\/ilcorrieredellascuola.eu\/index.php?rest_route=%2Fwp%2Fv2%2Fcategories&post=3049"},{"taxonomy":"post_tag","embeddable":true,"href":"https:\/\/ilcorrieredellascuola.eu\/index.php?rest_route=%2Fwp%2Fv2%2Ftags&post=3049"}],"curies":[{"name":"wp","href":"https:\/\/api.w.org\/{rel}","templated":true}]}}